{"id":882,"date":"2025-04-12T19:39:58","date_gmt":"2025-04-12T19:39:58","guid":{"rendered":"https:\/\/mozaikzivota.com\/index.php\/2025\/04\/12\/obrt-u-slucaju-danke-ilic-evo-sta-se-desava-sa-predmetom-za-ubistvo\/"},"modified":"2025-04-12T19:43:37","modified_gmt":"2025-04-12T19:43:37","slug":"obrt-u-slucaju-danke-ilic-evo-sta-se-desava-sa-predmetom-za-ubistvo","status":"publish","type":"post","link":"https:\/\/mozaikzivota.com\/index.php\/2025\/04\/12\/obrt-u-slucaju-danke-ilic-evo-sta-se-desava-sa-predmetom-za-ubistvo\/","title":{"rendered":"Obrt u slu\u010daju Danke Ili\u0107! Evo \u0161ta se de\u0161ava sa predmetom za ubistvo!"},"content":{"rendered":"\n<p>Slu\u010daj ubistva Danke Ili\u0107 preba\u010den u Vi\u0161i sud u Negotinu, pritvor okrivljenima produ\u017een<br><br>Slu\u010daj ubistva Danke Ili\u0107, dvogodi\u0161nje devoj\u010dice koja je nestala pre godinu dana, preba\u010den je iz Zaje\u010darskog suda u Vi\u0161i sud u Negotinu. Okrivljenima za zlo\u010din, Dejanu Dragijevi\u0107u (51) i Sr\u0111anu Jankovi\u0107u (51), produ\u017een je pritvor. Re\u0161enjem Apelacionog suda u Ni\u0161u od 8. aprila 2025. godine, odre\u0111eno je da Vi\u0161i sud u Negotinu postane nadle\u017ean za ispitivanje optu\u017enice koju je podiglo Vi\u0161e javno tu\u017eila\u0161tvo u Zaje\u010daru. Optu\u017enica se odnosi na krivi\u010dno delo te\u0161ko ubistvo u saizvr\u0161ila\u0161tvu, dok je Radoslavu Dragijevi\u0107u (otac jednog od okrivljenih) stavljena optu\u017enica za neprijavljivanje krivi\u010dnog dela i pomaganje u\u010diniocu nakon izvr\u0161enja zlo\u010dina.<br><br>Prema poslednjim informacijama, pritvor obojici okrivljenih produ\u017een je za jo\u0161 30 dana, s obzirom na to da im je istekao prethodni pritvor. Slu\u010daj je izazvao veliku pa\u017enju javnosti, jer se Danka Ili\u0107, koja je nestala u dvori\u0161tu svoje majke Ivane, jo\u0161 uvek smatra nestalom. Smatra se da su je ubili Dejan Dragijevi\u0107 i Sr\u0111an Jankovi\u0107, dok je Radoslav Dragijevi\u0107 optu\u017een za neprijavljivanje zlo\u010dina.<br><br>Va\u017eno je napomenuti da telo Danke Ili\u0107 do danas nije prona\u0111eno, \u0161to dodatno komplikuje ceo slu\u010daj. U me\u0111uvremenu, Apelacioni sud u Ni\u0161u ve\u0107 je dva puta obarao optu\u017enicu u ovom postupku. Naime, sud je tra\u017eio doradu optu\u017enice, ali i promenu tro\u010dlanog ve\u0107a koje je odgovorno za odlu\u010divanje o ovom slu\u010daju. Ovaj problem je nastao jer u Zaje\u010daru vi\u0161e nema sudija koji nisu u\u010destvovali u ovom postupku i koji bi mogli biti \u010dlanovi novog ve\u0107a.<br><br>O\u010dekuje se da \u0107e postupak biti nastavljen u Vi\u0161em sudu u Negotinu, a stru\u010dnjaci smatraju da \u0107e dalja istraga i ispitivanje okrivljenih biti klju\u010dni za rasvetljavanje okolnosti ovog monstruoznog zlo\u010dina.<br><\/p>\n\n\n\n<p><\/p>\n","protected":false},"excerpt":{"rendered":"<p>Slu\u010daj ubistva Danke Ili\u0107 preba\u010den u Vi\u0161i sud u Negotinu, pritvor okrivljenima produ\u017een Slu\u010daj ubistva Danke Ili\u0107, dvogodi\u0161nje devoj\u010dice koja je nestala pre godinu dana, preba\u010den je iz Zaje\u010darskog suda u Vi\u0161i sud u Negotinu. Okrivljenima za zlo\u010din, Dejanu Dragijevi\u0107u (51) i Sr\u0111anu Jankovi\u0107u (51), produ\u017een je pritvor. Re\u0161enjem Apelacionog suda u Ni\u0161u od 8. [&hellip;]<\/p>\n","protected":false},"author":1,"featured_media":883,"comment_status":"open","ping_status":"open","sticky":false,"template":"","format":"standard","meta":{"iawp_total_views":70,"_jetpack_memberships_contains_paid_content":false,"footnotes":""},"categories":[10],"tags":[],"class_list":["post-882","post","type-post","status-publish","format-standard","has-post-thumbnail","hentry","category-vijesti"],"jetpack_featured_media_url":"https:\/\/mozaikzivota.com\/wp-content\/uploads\/2025\/04\/1000036862.jpg","jetpack_sharing_enabled":true,"_links":{"self":[{"href":"https:\/\/mozaikzivota.com\/index.php\/wp-json\/wp\/v2\/posts\/882","targetHints":{"allow":["GET"]}}],"collection":[{"href":"https:\/\/mozaikzivota.com\/index.php\/wp-json\/wp\/v2\/posts"}],"about":[{"href":"https:\/\/mozaikzivota.com\/index.php\/wp-json\/wp\/v2\/types\/post"}],"author":[{"embeddable":true,"href":"https:\/\/mozaikzivota.com\/index.php\/wp-json\/wp\/v2\/users\/1"}],"replies":[{"embeddable":true,"href":"https:\/\/mozaikzivota.com\/index.php\/wp-json\/wp\/v2\/comments?post=882"}],"version-history":[{"count":2,"href":"https:\/\/mozaikzivota.com\/index.php\/wp-json\/wp\/v2\/posts\/882\/revisions"}],"predecessor-version":[{"id":885,"href":"https:\/\/mozaikzivota.com\/index.php\/wp-json\/wp\/v2\/posts\/882\/revisions\/885"}],"wp:featuredmedia":[{"embeddable":true,"href":"https:\/\/mozaikzivota.com\/index.php\/wp-json\/wp\/v2\/media\/883"}],"wp:attachment":[{"href":"https:\/\/mozaikzivota.com\/index.php\/wp-json\/wp\/v2\/media?parent=882"}],"wp:term":[{"taxonomy":"category","embeddable":true,"href":"https:\/\/mozaikzivota.com\/index.php\/wp-json\/wp\/v2\/categories?post=882"},{"taxonomy":"post_tag","embeddable":true,"href":"https:\/\/mozaikzivota.com\/index.php\/wp-json\/wp\/v2\/tags?post=882"}],"curies":[{"name":"wp","href":"https:\/\/api.w.org\/{rel}","templated":true}]}}