{"id":872,"date":"2025-04-12T17:51:49","date_gmt":"2025-04-12T17:51:49","guid":{"rendered":"https:\/\/mozaikzivota.com\/index.php\/2025\/04\/12\/helez-iz-antalije-turska-najavila-znacajne-donacije-os-bih-osvrnuo-se-i-na-diplomatsku-notu-zbog-predstave-u-sarajevu\/"},"modified":"2025-04-12T17:51:49","modified_gmt":"2025-04-12T17:51:49","slug":"helez-iz-antalije-turska-najavila-znacajne-donacije-os-bih-osvrnuo-se-i-na-diplomatsku-notu-zbog-predstave-u-sarajevu","status":"publish","type":"post","link":"https:\/\/mozaikzivota.com\/index.php\/2025\/04\/12\/helez-iz-antalije-turska-najavila-znacajne-donacije-os-bih-osvrnuo-se-i-na-diplomatsku-notu-zbog-predstave-u-sarajevu\/","title":{"rendered":"Helez iz Antalije: Turska najavila zna\u010dajne donacije OS BiH, osvrnuo se i na diplomatsku notu zbog predstave u Sarajevu"},"content":{"rendered":"\n<p class=\"wp-block-paragraph\"><br><br>Ministar odbrane Bosne i Hercegovine i zamjenik predsjedavaju\u0107e Vije\u0107a ministara BiH, Zukan Helez, trenutno boravi u Antaliji, gdje u\u010destvuje na 4. Diplomatskom forumu. Tokom posjete, odr\u017eao je zna\u010dajan bilateralni sastanak s ministrom odbrane Republike Turske, Ya\u015farom G\u00fclerom.<br><br>Helez je istakao da se radi o jo\u0161 jednoj potvrdi sna\u017ene saradnje izme\u0111u dvije prijateljske i bratske zemlje. \u201eOvo je nastavak na\u0161eg kontinuiranog ja\u010danja odnosa s Turskom, naro\u010dito u oblasti sigurnosti i odbrane\u201c, izjavio je Helez.<br><br>Impresivne vojne donacije iz Turske<br><br>Republika Turska ve\u0107 dugi niz godina sna\u017eno podr\u017eava Oru\u017eane snage BiH. Vi\u0161e od 6.000 pripadnika OS BiH \u2013 kadeta, vojnika, podoficira i oficira \u2013 pro\u0161lo je obuku u okviru turskih vojnih institucija. Osim toga, u toku je desetogodi\u0161nji program obuke 60 pilota iz BiH, \u0161to predstavlja rijedak uspjeh i za mnogo razvijenije vojne sisteme.<br><br>Posebnu pa\u017enju privukla je najava novih donacija: Republika Turska odobrila je isporuku dva TB2 Bayraktar drona, kao i dodatne bespilotne letjelice u okviru NATO programa za ja\u010danje odbrambenih kapaciteta BiH (DCB). Pored letjelica, osigurana je i obuka za osoblje koje \u0107e upravljati tim sistemima.<br><br>Me\u0111u va\u017enijim donacijama su i \u010detiri savremena oklopna vozila KIRPI II, dio \u0161ireg plana koji uklju\u010duje nabavku ukupno 32 ovakva vozila. Dolazak prvih primjeraka o\u010dekuje se uskoro, nakon \u0161to budu zavr\u0161ene carinske procedure.<br><br>Tako\u0111er, Turska \u0107e OS BiH donirati sistem za za\u0161titu od dronova, kao odgovor na sve \u010de\u0161\u0107e izazove u pra\u0107enju vojnih lokacija. Na jesen 2025. o\u010dekuje se isporuka helikoptera UH-1H, uz obuku pilota na Bell simulatorima, \u010dime \u0107e se dodatno pove\u0107ati efikasnost i smanjiti operativni tro\u0161kovi.<br><br>Osvrt na diplomatsku notu zbog predstave<br><br>Ministar Helez nije mogao izbje\u0107i ni pitanje vezano za protestnu notu koju je Ambasada Republike Turske uputila zbog najavljene predstave \u201e\u0160estorica protiv Turske\u201c u Narodnom pozori\u0161tu Sarajevo. U noti se navodi da predstava sadr\u017ei elemente propagande u korist FETO organizacije, koja je u Turskoj ozna\u010dena kao teroristi\u010dka.<br><br>\u201eU trenutku kada imamo ovako sna\u017enu i konkretnu podr\u0161ku iz Turske, va\u017eno je pokazati razumijevanje prema osjetljivim pitanjima na\u0161ih partnera. Pozivam sve aktere u BiH da se suzdr\u017ee od poteza koji bi mogli ugroziti na\u0161e prijateljske odnose i podr\u0161ku koju imamo u borbi protiv secesionisti\u010dkih prijetnji\u201c, naglasio je Helez.<br><br>Saradnja s Turskom \u2013 strate\u0161ka i prijateljska<br><br>Ministar je u zaklju\u010dku ponovo zahvalio Republici Turskoj i predsjedniku Recepu Tayyipu Erdoganu na nesebi\u010dnoj pomo\u0107i i saradnji. \u201eOva podr\u0161ka ne ide samo u korist Oru\u017eanim snagama BiH, ve\u0107 ja\u010da stabilnost i sigurnost cijele dr\u017eave\u201c, rekao je Helez.<br><br>Turska i dalje ostaje jedan od klju\u010dnih partnera BiH na me\u0111unarodnom planu, a opse\u017ene vojne i sigurnosne donacije samo potvr\u0111uju dubinu tog odnosa.<\/p>\n","protected":false},"excerpt":{"rendered":"<p>Ministar odbrane Bosne i Hercegovine i zamjenik predsjedavaju\u0107e Vije\u0107a ministara BiH, Zukan Helez, trenutno boravi u Antaliji, gdje u\u010destvuje na 4. Diplomatskom forumu. Tokom posjete, odr\u017eao je zna\u010dajan bilateralni sastanak s ministrom odbrane Republike Turske, Ya\u015farom G\u00fclerom. Helez je istakao da se radi o jo\u0161 jednoj potvrdi sna\u017ene saradnje izme\u0111u dvije prijateljske i bratske zemlje. [&hellip;]<\/p>\n","protected":false},"author":1,"featured_media":871,"comment_status":"open","ping_status":"open","sticky":false,"template":"","format":"standard","meta":{"iawp_total_views":475,"_jetpack_memberships_contains_paid_content":false,"footnotes":""},"categories":[10],"tags":[],"class_list":["post-872","post","type-post","status-publish","format-standard","has-post-thumbnail","hentry","category-vijesti"],"jetpack_featured_media_url":"https:\/\/mozaikzivota.com\/wp-content\/uploads\/2025\/04\/1000036851-scaled.jpg","jetpack_sharing_enabled":true,"_links":{"self":[{"href":"https:\/\/mozaikzivota.com\/index.php\/wp-json\/wp\/v2\/posts\/872","targetHints":{"allow":["GET"]}}],"collection":[{"href":"https:\/\/mozaikzivota.com\/index.php\/wp-json\/wp\/v2\/posts"}],"about":[{"href":"https:\/\/mozaikzivota.com\/index.php\/wp-json\/wp\/v2\/types\/post"}],"author":[{"embeddable":true,"href":"https:\/\/mozaikzivota.com\/index.php\/wp-json\/wp\/v2\/users\/1"}],"replies":[{"embeddable":true,"href":"https:\/\/mozaikzivota.com\/index.php\/wp-json\/wp\/v2\/comments?post=872"}],"version-history":[{"count":0,"href":"https:\/\/mozaikzivota.com\/index.php\/wp-json\/wp\/v2\/posts\/872\/revisions"}],"wp:featuredmedia":[{"embeddable":true,"href":"https:\/\/mozaikzivota.com\/index.php\/wp-json\/wp\/v2\/media\/871"}],"wp:attachment":[{"href":"https:\/\/mozaikzivota.com\/index.php\/wp-json\/wp\/v2\/media?parent=872"}],"wp:term":[{"taxonomy":"category","embeddable":true,"href":"https:\/\/mozaikzivota.com\/index.php\/wp-json\/wp\/v2\/categories?post=872"},{"taxonomy":"post_tag","embeddable":true,"href":"https:\/\/mozaikzivota.com\/index.php\/wp-json\/wp\/v2\/tags?post=872"}],"curies":[{"name":"wp","href":"https:\/\/api.w.org\/{rel}","templated":true}]}}