{"id":793,"date":"2025-04-09T13:23:36","date_gmt":"2025-04-09T13:23:36","guid":{"rendered":"https:\/\/mozaikzivota.com\/index.php\/2025\/04\/09\/helez-odgovara-ajanovicu-meni-prigovaras-zbog-destabilizacije-bih-a-dodik-ti-nije-problem\/"},"modified":"2025-04-09T13:23:36","modified_gmt":"2025-04-09T13:23:36","slug":"helez-odgovara-ajanovicu-meni-prigovaras-zbog-destabilizacije-bih-a-dodik-ti-nije-problem","status":"publish","type":"post","link":"https:\/\/mozaikzivota.com\/index.php\/2025\/04\/09\/helez-odgovara-ajanovicu-meni-prigovaras-zbog-destabilizacije-bih-a-dodik-ti-nije-problem\/","title":{"rendered":"Helez odgovara Ajanovi\u0107u: &#8220;Meni prigovara\u0161 zbog destabilizacije BiH, a Dodik ti nije problem?&#8221;"},"content":{"rendered":"\n<p><br>Ministar odbrane Bosne i Hercegovine, Zukan Helez, rekao je da je, po nalogu Tu\u017eila\u0161tva BiH, dao iskaz inspektorima SIPA-e povodom krivi\u010dne prijave koju je protiv njega podnio politi\u010dar Mirnes Ajanovi\u0107. Prema Helezovim rije\u010dima, prijava je povezana s njegovom nedavnom posjetom fabrici namjenske industrije &#8220;Igman&#8221; u Konjicu.<br><br>Ajanovi\u0107 u prijavi tvrdi da je Helezovo pona\u0161anje bilo &#8220;neodgovorno i provokativno&#8221; te da bi moglo izazvati nesigurnost u zemlji. Helez, me\u0111utim, ove optu\u017ebe odbacuje, nazivaju\u0107i ih politi\u010dki motiviranim napadom usmjerenim na njega usred trenutne politi\u010dke napetosti u BiH.<br><br>&#8220;Dok Milorad Dodik i njegovi saveznici rade na razbijanju Bosne i Hercegovine, napadaju\u0107i temeljne institucije zemlje, politi\u010dar Ajanovi\u0107 mene optu\u017euje za destabilizaciju. Ajanovi\u0107u ne smeta Dodikovo neustavno pona\u0161anje, njegovi stalni napadi na Bo\u0161njake i samu BiH, ali smeta mu moj rad kao ministra odbrane, koji imam odgovornost braniti suverenitet i teritorijalni integritet na\u0161e domovine,&#8221; izjavio je Helez.<br><br>Ministar Helez je usporedio Ajanovi\u0107evu prijavu s djelovanjima Fikreta Abdi\u0107a, sugeriraju\u0107i da su takvi postupci u pro\u0161losti \u0161tetno utjecali na stabilnost dr\u017eave.<br><br>&#8220;Napadi iz vlastitih redova, motivirani \u017eeljom za jeftinom promocijom i medijskom pa\u017enjom, vi\u0161e me rastu\u017ee nego \u0161to me iznenade. No, to me ne\u0107e zaustaviti u mom radu,&#8221; poru\u010dio je ministar.<br><br>Helez je tako\u0111er naglasio da \u0107e, unato\u010d svim izazovima i politi\u010dkim pritiscima, nastaviti s radom na ja\u010danju Oru\u017eanih snaga BiH te razvijanju doma\u0107e namjenske industrije, a poru\u010dio je da se ne\u0107e dati zastra\u0161iti od politi\u010dara poput Ajanovi\u0107a, Galija\u0161evi\u0107a, Abdi\u0107a i drugih koji, kako tvrdi, rade u interesu destabilizacije zemlje.<\/p>\n","protected":false},"excerpt":{"rendered":"<p>Ministar odbrane Bosne i Hercegovine, Zukan Helez, rekao je da je, po nalogu Tu\u017eila\u0161tva BiH, dao iskaz inspektorima SIPA-e povodom krivi\u010dne prijave koju je protiv njega podnio politi\u010dar Mirnes Ajanovi\u0107. Prema Helezovim rije\u010dima, prijava je povezana s njegovom nedavnom posjetom fabrici namjenske industrije &#8220;Igman&#8221; u Konjicu. Ajanovi\u0107 u prijavi tvrdi da je Helezovo pona\u0161anje bilo [&hellip;]<\/p>\n","protected":false},"author":1,"featured_media":792,"comment_status":"open","ping_status":"open","sticky":false,"template":"","format":"standard","meta":{"iawp_total_views":77,"_jetpack_memberships_contains_paid_content":false,"footnotes":""},"categories":[10],"tags":[],"class_list":["post-793","post","type-post","status-publish","format-standard","has-post-thumbnail","hentry","category-vijesti"],"jetpack_featured_media_url":"https:\/\/mozaikzivota.com\/wp-content\/uploads\/2025\/04\/1000036712-scaled.jpg","jetpack_sharing_enabled":true,"_links":{"self":[{"href":"https:\/\/mozaikzivota.com\/index.php\/wp-json\/wp\/v2\/posts\/793","targetHints":{"allow":["GET"]}}],"collection":[{"href":"https:\/\/mozaikzivota.com\/index.php\/wp-json\/wp\/v2\/posts"}],"about":[{"href":"https:\/\/mozaikzivota.com\/index.php\/wp-json\/wp\/v2\/types\/post"}],"author":[{"embeddable":true,"href":"https:\/\/mozaikzivota.com\/index.php\/wp-json\/wp\/v2\/users\/1"}],"replies":[{"embeddable":true,"href":"https:\/\/mozaikzivota.com\/index.php\/wp-json\/wp\/v2\/comments?post=793"}],"version-history":[{"count":0,"href":"https:\/\/mozaikzivota.com\/index.php\/wp-json\/wp\/v2\/posts\/793\/revisions"}],"wp:featuredmedia":[{"embeddable":true,"href":"https:\/\/mozaikzivota.com\/index.php\/wp-json\/wp\/v2\/media\/792"}],"wp:attachment":[{"href":"https:\/\/mozaikzivota.com\/index.php\/wp-json\/wp\/v2\/media?parent=793"}],"wp:term":[{"taxonomy":"category","embeddable":true,"href":"https:\/\/mozaikzivota.com\/index.php\/wp-json\/wp\/v2\/categories?post=793"},{"taxonomy":"post_tag","embeddable":true,"href":"https:\/\/mozaikzivota.com\/index.php\/wp-json\/wp\/v2\/tags?post=793"}],"curies":[{"name":"wp","href":"https:\/\/api.w.org\/{rel}","templated":true}]}}