{"id":668,"date":"2025-04-04T19:54:12","date_gmt":"2025-04-04T19:54:12","guid":{"rendered":"https:\/\/mozaikzivota.com\/index.php\/2025\/04\/04\/federalna-tv-dobija-novo-lice-niksic-bakir-je-moj-izbor\/"},"modified":"2025-04-04T19:54:12","modified_gmt":"2025-04-04T19:54:12","slug":"federalna-tv-dobija-novo-lice-niksic-bakir-je-moj-izbor","status":"publish","type":"post","link":"https:\/\/mozaikzivota.com\/index.php\/2025\/04\/04\/federalna-tv-dobija-novo-lice-niksic-bakir-je-moj-izbor\/","title":{"rendered":"Federalna TV dobija novo lice? Nik\u0161i\u0107: \u201cBakir je moj izbor\u201d"},"content":{"rendered":"\n<p>Nik\u0161i\u0107: Po mom mi\u0161ljenju, Bakir Had\u017eiomerovi\u0107 bi trebao biti novi direktor FTV-a<br><br>Premijer Federacije Bosne i Hercegovine, Nermin Nik\u0161i\u0107, izjavio je tokom gostovanja na Face TV da bi poznati novinar Bakir Had\u017eiomerovi\u0107 mogao preuzeti poziciju direktora Federalne televizije.<br><br>Kako je naveo, Had\u017eiomerovi\u0107a je li\u010dno pozvao da aplicira na konkurs za direktorsku poziciju, koji je otvoren nakon \u0161to je Predstavni\u010dki dom FBiH imenovao novi Upravni odbor FTV-a.<br><br>\u2013 Zamolio sam ga da se prijavi. \u0160to se mene ti\u010de \u2013 on je moj izbor za direktora. Ako bude jo\u0161 prijavljenih, neka Upravni odbor donese kona\u010dnu odluku \u2013 rekao je Nik\u0161i\u0107.<\/p>\n\n\n\n<figure class=\"wp-block-image size-large\"><img loading=\"lazy\" decoding=\"async\" width=\"1024\" height=\"542\" src=\"https:\/\/mozaikzivota.com\/wp-content\/uploads\/2025\/04\/10000363378614303655948390620-1024x542.jpg\" alt=\"\" class=\"wp-image-666\" srcset=\"https:\/\/mozaikzivota.com\/wp-content\/uploads\/2025\/04\/10000363378614303655948390620-1024x542.jpg 1024w, https:\/\/mozaikzivota.com\/wp-content\/uploads\/2025\/04\/10000363378614303655948390620-300x159.jpg 300w, https:\/\/mozaikzivota.com\/wp-content\/uploads\/2025\/04\/10000363378614303655948390620-768x406.jpg 768w, https:\/\/mozaikzivota.com\/wp-content\/uploads\/2025\/04\/10000363378614303655948390620.jpg 1079w\" sizes=\"auto, (max-width: 1024px) 100vw, 1024px\" \/><figcaption class=\"wp-element-caption\">Bakir Had\u017eiomerovi\u0107<\/figcaption><\/figure>\n\n\n\n<p>Had\u017eiomerovi\u0107 je poznato ime u medijskom prostoru BiH i regije, najvi\u0161e zahvaljuju\u0107i emisiji &#8220;60 minuta&#8221;, politi\u010dkom magazinu koji se godinama emitovao na FTV-u. Trenutno obavlja funkciju direktora Javnog preduze\u0107a Sarajevo.<\/p>\n\n\n\n<p><\/p>\n","protected":false},"excerpt":{"rendered":"<p>Nik\u0161i\u0107: Po mom mi\u0161ljenju, Bakir Had\u017eiomerovi\u0107 bi trebao biti novi direktor FTV-a Premijer Federacije Bosne i Hercegovine, Nermin Nik\u0161i\u0107, izjavio je tokom gostovanja na Face TV da bi poznati novinar Bakir Had\u017eiomerovi\u0107 mogao preuzeti poziciju direktora Federalne televizije. Kako je naveo, Had\u017eiomerovi\u0107a je li\u010dno pozvao da aplicira na konkurs za direktorsku poziciju, koji je otvoren [&hellip;]<\/p>\n","protected":false},"author":1,"featured_media":667,"comment_status":"open","ping_status":"open","sticky":false,"template":"","format":"standard","meta":{"iawp_total_views":89,"_jetpack_memberships_contains_paid_content":false,"footnotes":""},"categories":[10],"tags":[],"class_list":["post-668","post","type-post","status-publish","format-standard","has-post-thumbnail","hentry","category-vijesti"],"jetpack_featured_media_url":"https:\/\/mozaikzivota.com\/wp-content\/uploads\/2025\/04\/1000036335.jpg","jetpack_sharing_enabled":true,"_links":{"self":[{"href":"https:\/\/mozaikzivota.com\/index.php\/wp-json\/wp\/v2\/posts\/668","targetHints":{"allow":["GET"]}}],"collection":[{"href":"https:\/\/mozaikzivota.com\/index.php\/wp-json\/wp\/v2\/posts"}],"about":[{"href":"https:\/\/mozaikzivota.com\/index.php\/wp-json\/wp\/v2\/types\/post"}],"author":[{"embeddable":true,"href":"https:\/\/mozaikzivota.com\/index.php\/wp-json\/wp\/v2\/users\/1"}],"replies":[{"embeddable":true,"href":"https:\/\/mozaikzivota.com\/index.php\/wp-json\/wp\/v2\/comments?post=668"}],"version-history":[{"count":0,"href":"https:\/\/mozaikzivota.com\/index.php\/wp-json\/wp\/v2\/posts\/668\/revisions"}],"wp:featuredmedia":[{"embeddable":true,"href":"https:\/\/mozaikzivota.com\/index.php\/wp-json\/wp\/v2\/media\/667"}],"wp:attachment":[{"href":"https:\/\/mozaikzivota.com\/index.php\/wp-json\/wp\/v2\/media?parent=668"}],"wp:term":[{"taxonomy":"category","embeddable":true,"href":"https:\/\/mozaikzivota.com\/index.php\/wp-json\/wp\/v2\/categories?post=668"},{"taxonomy":"post_tag","embeddable":true,"href":"https:\/\/mozaikzivota.com\/index.php\/wp-json\/wp\/v2\/tags?post=668"}],"curies":[{"name":"wp","href":"https:\/\/api.w.org\/{rel}","templated":true}]}}