{"id":664,"date":"2025-04-04T19:16:33","date_gmt":"2025-04-04T19:16:33","guid":{"rendered":"https:\/\/mozaikzivota.com\/index.php\/2025\/04\/04\/664\/"},"modified":"2025-04-04T19:17:32","modified_gmt":"2025-04-04T19:17:32","slug":"664","status":"publish","type":"post","link":"https:\/\/mozaikzivota.com\/index.php\/2025\/04\/04\/664\/","title":{"rendered":"Ko je Hava \u2013 Njema\u010dka zvijezda sa balkanskim korijenima koja osvaja publiku u regiji"},"content":{"rendered":"\n<p>Hava, pravim imenom Dilara Hava Tun\u00e7, sve vi\u0161e se profilira kao jedno od najprepoznatljivijih imena na njema\u010dkoj muzi\u010dkoj sceni. Ro\u0111ena je 12. augusta 1998. godine u Hammu, u Njema\u010dkoj, a porijeklom je s Balkana \u2013 njena majka je iz Doboja, dok je otac iz Turske. Upravo ta kombinacija tursko-bosanskih korijena i njema\u010dkog odrastanja daje njenoj muzici posebnu notu autenti\u010dnosti i \u0161arma.<\/p>\n\n\n\n<p>Muzi\u010dku karijeru zapo\u010dela je 2019. godine singlom <em>Heartbreaker<\/em>, kojim je odmah privukla pa\u017enju publike i medija. Ubrzo su uslijedili hitovi poput <em>Korb<\/em> i <em>Kein Schlaf<\/em> (u saradnji s njema\u010dkim reperom Nimo), koji su je u\u010dvrstili na vrhu njema\u010dkih muzi\u010dkih ljestvica.<\/p>\n\n\n\n<p>Me\u0111utim, ono \u0161to je posebno zanimljivo publici s Balkana jeste njena sve \u010de\u0161\u0107a saradnja s popularnim bosanskohercegova\u010dkim dvojcem \u2013 Jala Bratom i Bubom Corellijem. Hava je s Jalom snimila pjesmu <em>No\u0107<\/em>, a 2024. godine uslijedio je i remix pjesme <em>Ona nije ja<\/em>, u kojem u\u010destvuju i Jala i Buba. Ova saradnja nai\u0161la je na odli\u010dan prijem kod publike, a dodatni plus je \u010dinjenica da Hava bez problema pjeva na bosanskom jeziku, \u0161to dodatno zbli\u017eava nju i fanove s ovih prostora.<\/p>\n\n\n\n<figure class=\"wp-block-image size-large\"><img loading=\"lazy\" decoding=\"async\" width=\"1024\" height=\"1017\" src=\"https:\/\/mozaikzivota.com\/wp-content\/uploads\/2025\/04\/10000363308277403694763320856-1024x1017.jpg\" alt=\"\" class=\"wp-image-663\" srcset=\"https:\/\/mozaikzivota.com\/wp-content\/uploads\/2025\/04\/10000363308277403694763320856-1024x1017.jpg 1024w, https:\/\/mozaikzivota.com\/wp-content\/uploads\/2025\/04\/10000363308277403694763320856-300x298.jpg 300w, https:\/\/mozaikzivota.com\/wp-content\/uploads\/2025\/04\/10000363308277403694763320856-150x150.jpg 150w, https:\/\/mozaikzivota.com\/wp-content\/uploads\/2025\/04\/10000363308277403694763320856-768x763.jpg 768w, https:\/\/mozaikzivota.com\/wp-content\/uploads\/2025\/04\/10000363308277403694763320856.jpg 1079w\" sizes=\"auto, (max-width: 1024px) 100vw, 1024px\" \/><figcaption class=\"wp-element-caption\">Hava<\/figcaption><\/figure>\n\n\n\n<p>Njena muzika spaja elemente R&amp;B-a, popa i trapa, a specifi\u010dna je po emotivnim tekstovima i modernim produkcijama. Hava koristi svoj multikulturalni identitet kao snagu i most izme\u0111u razli\u010ditih muzi\u010dkih scena \u2013 njema\u010dke i balkanske \u2013 te tako gradi karijeru koja ne poznaje granice.<\/p>\n\n\n\n<p>S obzirom na njen talenat, karizmu i sve ve\u0107i broj saradnji sa poznatim regionalnim imenima, jasno je da je Hava ime koje \u0107emo jo\u0161 dugo slu\u0161ati \u2013 kako u Njema\u010dkoj, tako i \u0161irom Balkana.<\/p>\n","protected":false},"excerpt":{"rendered":"<p>Hava, pravim imenom Dilara Hava Tun\u00e7, sve vi\u0161e se profilira kao jedno od najprepoznatljivijih imena na njema\u010dkoj muzi\u010dkoj sceni. Ro\u0111ena je 12. augusta 1998. godine u Hammu, u Njema\u010dkoj, a porijeklom je s Balkana \u2013 njena majka je iz Doboja, dok je otac iz Turske. Upravo ta kombinacija tursko-bosanskih korijena i njema\u010dkog odrastanja daje njenoj [&hellip;]<\/p>\n","protected":false},"author":1,"featured_media":662,"comment_status":"open","ping_status":"open","sticky":false,"template":"","format":"standard","meta":{"iawp_total_views":480,"_jetpack_memberships_contains_paid_content":false,"footnotes":""},"categories":[7],"tags":[],"class_list":["post-664","post","type-post","status-publish","format-standard","has-post-thumbnail","hentry","category-show-bizz"],"jetpack_featured_media_url":"https:\/\/mozaikzivota.com\/wp-content\/uploads\/2025\/04\/1000036332.jpg","jetpack_sharing_enabled":true,"_links":{"self":[{"href":"https:\/\/mozaikzivota.com\/index.php\/wp-json\/wp\/v2\/posts\/664","targetHints":{"allow":["GET"]}}],"collection":[{"href":"https:\/\/mozaikzivota.com\/index.php\/wp-json\/wp\/v2\/posts"}],"about":[{"href":"https:\/\/mozaikzivota.com\/index.php\/wp-json\/wp\/v2\/types\/post"}],"author":[{"embeddable":true,"href":"https:\/\/mozaikzivota.com\/index.php\/wp-json\/wp\/v2\/users\/1"}],"replies":[{"embeddable":true,"href":"https:\/\/mozaikzivota.com\/index.php\/wp-json\/wp\/v2\/comments?post=664"}],"version-history":[{"count":1,"href":"https:\/\/mozaikzivota.com\/index.php\/wp-json\/wp\/v2\/posts\/664\/revisions"}],"predecessor-version":[{"id":665,"href":"https:\/\/mozaikzivota.com\/index.php\/wp-json\/wp\/v2\/posts\/664\/revisions\/665"}],"wp:featuredmedia":[{"embeddable":true,"href":"https:\/\/mozaikzivota.com\/index.php\/wp-json\/wp\/v2\/media\/662"}],"wp:attachment":[{"href":"https:\/\/mozaikzivota.com\/index.php\/wp-json\/wp\/v2\/media?parent=664"}],"wp:term":[{"taxonomy":"category","embeddable":true,"href":"https:\/\/mozaikzivota.com\/index.php\/wp-json\/wp\/v2\/categories?post=664"},{"taxonomy":"post_tag","embeddable":true,"href":"https:\/\/mozaikzivota.com\/index.php\/wp-json\/wp\/v2\/tags?post=664"}],"curies":[{"name":"wp","href":"https:\/\/api.w.org\/{rel}","templated":true}]}}