{"id":650,"date":"2025-04-04T03:41:06","date_gmt":"2025-04-04T03:41:06","guid":{"rendered":"https:\/\/mozaikzivota.com\/index.php\/2025\/04\/04\/trump-uveo-carine-bosni-i-hercegovini-nova-ekonomska-realnost-za-zapadni-balkan\/"},"modified":"2025-04-04T03:41:06","modified_gmt":"2025-04-04T03:41:06","slug":"trump-uveo-carine-bosni-i-hercegovini-nova-ekonomska-realnost-za-zapadni-balkan","status":"publish","type":"post","link":"https:\/\/mozaikzivota.com\/index.php\/2025\/04\/04\/trump-uveo-carine-bosni-i-hercegovini-nova-ekonomska-realnost-za-zapadni-balkan\/","title":{"rendered":"Trump uveo carine Bosni i Hercegovini: Nova ekonomska realnost za Zapadni Balkan"},"content":{"rendered":"\n<p><br><br>U dramati\u010dnom obra\u0107anju javnosti 2. aprila 2025. godine, biv\u0161i predsjednik Sjedinjenih Ameri\u010dkih Dr\u017eava Donald Trump najavio je uvo\u0111enje sveobuhvatnih carina na uvoz robe iz vi\u0161e zemalja svijeta, uklju\u010duju\u0107i i Bosnu i Hercegovinu. Ove mjere, prema njegovim rije\u010dima, predstavljaju \u201eDeklaraciju ekonomske nezavisnosti\u201c i ozna\u010davaju \u201eDan oslobo\u0111enja\u201c za ameri\u010dku ekonomiju.<br><br>Bosna i Hercegovina se na\u0161la na listi zemalja koje \u0107e od 5. aprila biti pogo\u0111ene dodatnim tarifama, i to u visini od \u010dak 35%. Ova odluka je izazvala \u0161ok u regionalnim ekonomskim i politi\u010dkim krugovima, s obzirom na to da BiH nema izra\u017een trgovinski vi\u0161ak sa SAD-om, niti se smatrala ekonomskom prijetnjom.<br><br>Trumpova administracija tvrdi da su nove carine uvedene kao odgovor na &#8220;nepo\u0161tene trgovinske prakse&#8221; i da predstavljaju poku\u0161aj resetovanja odnosa u globalnoj trgovini. Kako se navodi u obrazlo\u017eenju, carine se baziraju na trgovinskoj bilanci, nivoima subvencija i stepenu reciprociteta u trgova\u010dkim odnosima s Amerikom.<br><br>Osim Bosne i Hercegovine, visoke carine su uvedene i Srbiji (37%), dok su Albanija, Crna Gora, Kosovo i Sjeverna Makedonija pogo\u0111ene carinama od 10%. Regionalni lideri jo\u0161 uvijek nisu dali zvani\u010dne komentare, ali se o\u010dekuje niz diplomatskih reakcija i poku\u0161aja lobiranja za izuze\u0107e ili ubla\u017eavanje ovih mjera.<br><br>Ekonomski analiti\u010dari upozoravaju da bi ovakvi potezi mogli ozbiljno naru\u0161iti izvoz iz regije prema ameri\u010dkom tr\u017ei\u0161tu, \u0161to \u0107e posebno pogoditi male i srednje kompanije koje se oslanjaju na plasman svojih proizvoda u SAD. Tako\u0111er, postoji zabrinutost da bi carine mogle izazvati domino efekat i poremetiti trgovinske odnose i s drugim zapadnim partnerima.<br><br>Iako ova odluka dolazi iz Trumpove politi\u010dke inicijative, njen uticaj je ve\u0107 sada vidljiv \u2013 privredni subjekti \u0161irom Balkana pripremaju se za turbulentan period u kojem \u0107e me\u0111unarodna tr\u017ei\u0161ta postati jo\u0161 nepredvidivija.<br><br>Kako \u0107e Bosna i Hercegovina odgovoriti na ovaj izazov, ostaje da se vidi. No, jedno je sigurno \u2013 novo doba globalnog protekcionizma je ve\u0107 po\u010delo.<\/p>\n\n\n\n<figure class=\"wp-block-gallery has-nested-images columns-default is-cropped wp-block-gallery-1 is-layout-flex wp-block-gallery-is-layout-flex\"><\/figure>\n","protected":false},"excerpt":{"rendered":"<p>U dramati\u010dnom obra\u0107anju javnosti 2. aprila 2025. godine, biv\u0161i predsjednik Sjedinjenih Ameri\u010dkih Dr\u017eava Donald Trump najavio je uvo\u0111enje sveobuhvatnih carina na uvoz robe iz vi\u0161e zemalja svijeta, uklju\u010duju\u0107i i Bosnu i Hercegovinu. Ove mjere, prema njegovim rije\u010dima, predstavljaju \u201eDeklaraciju ekonomske nezavisnosti\u201c i ozna\u010davaju \u201eDan oslobo\u0111enja\u201c za ameri\u010dku ekonomiju. Bosna i Hercegovina se na\u0161la na listi [&hellip;]<\/p>\n","protected":false},"author":1,"featured_media":649,"comment_status":"open","ping_status":"open","sticky":false,"template":"","format":"standard","meta":{"iawp_total_views":129,"_jetpack_memberships_contains_paid_content":false,"footnotes":""},"categories":[10],"tags":[],"class_list":["post-650","post","type-post","status-publish","format-standard","has-post-thumbnail","hentry","category-vijesti"],"jetpack_featured_media_url":"https:\/\/mozaikzivota.com\/wp-content\/uploads\/2025\/04\/1000036287.jpg","jetpack_sharing_enabled":true,"_links":{"self":[{"href":"https:\/\/mozaikzivota.com\/index.php\/wp-json\/wp\/v2\/posts\/650","targetHints":{"allow":["GET"]}}],"collection":[{"href":"https:\/\/mozaikzivota.com\/index.php\/wp-json\/wp\/v2\/posts"}],"about":[{"href":"https:\/\/mozaikzivota.com\/index.php\/wp-json\/wp\/v2\/types\/post"}],"author":[{"embeddable":true,"href":"https:\/\/mozaikzivota.com\/index.php\/wp-json\/wp\/v2\/users\/1"}],"replies":[{"embeddable":true,"href":"https:\/\/mozaikzivota.com\/index.php\/wp-json\/wp\/v2\/comments?post=650"}],"version-history":[{"count":0,"href":"https:\/\/mozaikzivota.com\/index.php\/wp-json\/wp\/v2\/posts\/650\/revisions"}],"wp:featuredmedia":[{"embeddable":true,"href":"https:\/\/mozaikzivota.com\/index.php\/wp-json\/wp\/v2\/media\/649"}],"wp:attachment":[{"href":"https:\/\/mozaikzivota.com\/index.php\/wp-json\/wp\/v2\/media?parent=650"}],"wp:term":[{"taxonomy":"category","embeddable":true,"href":"https:\/\/mozaikzivota.com\/index.php\/wp-json\/wp\/v2\/categories?post=650"},{"taxonomy":"post_tag","embeddable":true,"href":"https:\/\/mozaikzivota.com\/index.php\/wp-json\/wp\/v2\/tags?post=650"}],"curies":[{"name":"wp","href":"https:\/\/api.w.org\/{rel}","templated":true}]}}