{"id":648,"date":"2025-04-04T03:19:11","date_gmt":"2025-04-04T03:19:11","guid":{"rendered":"https:\/\/mozaikzivota.com\/index.php\/2025\/04\/04\/konakovic-najavljuje-talas-sankcija-dodiku-bice-priveden-ili-ce-pobjeci\/"},"modified":"2025-04-04T03:19:11","modified_gmt":"2025-04-04T03:19:11","slug":"konakovic-najavljuje-talas-sankcija-dodiku-bice-priveden-ili-ce-pobjeci","status":"publish","type":"post","link":"https:\/\/mozaikzivota.com\/index.php\/2025\/04\/04\/konakovic-najavljuje-talas-sankcija-dodiku-bice-priveden-ili-ce-pobjeci\/","title":{"rendered":"Konakovi\u0107 najavljuje talas sankcija Dodiku \u2013 &#8220;Bi\u0107e priveden ili \u0107e pobje\u0107i!&#8221;"},"content":{"rendered":"\n<p><br><br>Ministar vanjskih poslova BiH, Elmedin Konakovi\u0107, gostovao je u emisiji Dnevnik D na Federalnoj televiziji, gdje je komentarisao sankcije koje su Njema\u010dka i Austrija uvele Miloradu Dodiku.<br><br>Prema njegovim rije\u010dima, ove dvije zemlje su prve zapo\u010dele proces sankcionisanja, a o\u010dekuje se da \u0107e im se pridru\u017eiti i druge.<br><br>&#8220;Ovo su tek po\u010detne mjere, finansijske sankcije i ograni\u010denja u vezi s imovinom, ali slijedi sna\u017ean talas dodatnih sankcija. Da nije potrebe za konsenzusom unutar EU i Ma\u0111arske kao glavnog ko\u010dni\u010dara, Unija bi ve\u0107 sada uvela sankcije Dodiku. Ipak, siguran sam da \u0107e se i druge dr\u017eave priklju\u010diti ovom procesu,&#8221; izjavio je Konakovi\u0107.<br><br>Na pitanje o mogu\u0107nosti hap\u0161enja Dodika i njegovih saradnika, naglasio je da pravosudne institucije ne smiju dozvoliti da do\u0111e do konflikta.<br><br>&#8220;Ovo se planira vrlo ozbiljno i strate\u0161ki. Vi\u0161e stru\u010dnih timova radi na tome. Dodik nije siguran ni unutar Republike Srpske. Vjerujem da \u0107e biti priveden, uhap\u0161en ili \u0107e izabrati bijeg. Stru\u010dnjaci za bezbjednost jasno isti\u010du da bi bilo rizi\u010dno slati policijske snage u njegovu trenutnu zonu uticaja, gdje se okru\u017eio pripadnicima MUP-a RS,&#8221; dodao je.<br><br>Govorio je i o ulozi Interpola u slu\u010daju Dodik. Prema njegovim rije\u010dima, iako se ranije nije moglo sa sigurno\u0161\u0107u tvrditi da \u0107e biti raspisana potjernica, sada pravosudni organi procjenjuju da je to realna opcija.<br><br>&#8220;Pokrenu\u0107e se novi korupcioni procesi protiv njega, a ako Interpol bude razmatrao slu\u010daj, vjerovatno \u0107e izdati potjernicu,&#8221; rekao je Konakovi\u0107.<br><br>Tako\u0111e je istakao da je politi\u010dka izolacija Dodika postala o\u010digledna i da vi\u0161e nema ozbiljne me\u0111unarodne sagovornike.<br><br>&#8220;Suo\u010dio se s novom realno\u0161\u0107u. Imam provjerene informacije da \u010dak ni na sastancima s Rusijom Bosna i Hercegovina nije posebno zastupljena kao tema,&#8221; zaklju\u010dio je.<br><br>Najavio je i formiranje nove politi\u010dke koalicije na dr\u017eavnom i drugim nivoima vlasti.<\/p>\n\n\n\n<p><\/p>\n","protected":false},"excerpt":{"rendered":"<p>Ministar vanjskih poslova BiH, Elmedin Konakovi\u0107, gostovao je u emisiji Dnevnik D na Federalnoj televiziji, gdje je komentarisao sankcije koje su Njema\u010dka i Austrija uvele Miloradu Dodiku. Prema njegovim rije\u010dima, ove dvije zemlje su prve zapo\u010dele proces sankcionisanja, a o\u010dekuje se da \u0107e im se pridru\u017eiti i druge. &#8220;Ovo su tek po\u010detne mjere, finansijske sankcije [&hellip;]<\/p>\n","protected":false},"author":1,"featured_media":647,"comment_status":"open","ping_status":"open","sticky":false,"template":"","format":"standard","meta":{"iawp_total_views":56,"_jetpack_memberships_contains_paid_content":false,"footnotes":""},"categories":[10],"tags":[],"class_list":["post-648","post","type-post","status-publish","format-standard","has-post-thumbnail","hentry","category-vijesti"],"jetpack_featured_media_url":"https:\/\/mozaikzivota.com\/wp-content\/uploads\/2025\/04\/1000036285.jpg","jetpack_sharing_enabled":true,"_links":{"self":[{"href":"https:\/\/mozaikzivota.com\/index.php\/wp-json\/wp\/v2\/posts\/648","targetHints":{"allow":["GET"]}}],"collection":[{"href":"https:\/\/mozaikzivota.com\/index.php\/wp-json\/wp\/v2\/posts"}],"about":[{"href":"https:\/\/mozaikzivota.com\/index.php\/wp-json\/wp\/v2\/types\/post"}],"author":[{"embeddable":true,"href":"https:\/\/mozaikzivota.com\/index.php\/wp-json\/wp\/v2\/users\/1"}],"replies":[{"embeddable":true,"href":"https:\/\/mozaikzivota.com\/index.php\/wp-json\/wp\/v2\/comments?post=648"}],"version-history":[{"count":0,"href":"https:\/\/mozaikzivota.com\/index.php\/wp-json\/wp\/v2\/posts\/648\/revisions"}],"wp:featuredmedia":[{"embeddable":true,"href":"https:\/\/mozaikzivota.com\/index.php\/wp-json\/wp\/v2\/media\/647"}],"wp:attachment":[{"href":"https:\/\/mozaikzivota.com\/index.php\/wp-json\/wp\/v2\/media?parent=648"}],"wp:term":[{"taxonomy":"category","embeddable":true,"href":"https:\/\/mozaikzivota.com\/index.php\/wp-json\/wp\/v2\/categories?post=648"},{"taxonomy":"post_tag","embeddable":true,"href":"https:\/\/mozaikzivota.com\/index.php\/wp-json\/wp\/v2\/tags?post=648"}],"curies":[{"name":"wp","href":"https:\/\/api.w.org\/{rel}","templated":true}]}}