{"id":430,"date":"2025-03-26T08:55:23","date_gmt":"2025-03-26T08:55:23","guid":{"rendered":"https:\/\/mozaikzivota.com\/?p=430"},"modified":"2025-03-26T08:55:25","modified_gmt":"2025-03-26T08:55:25","slug":"mnogi-su-vec-vratili-ljetne-gume-na-svoje-automobile-meteorolozi-najavili-snijeg-u-bosni","status":"publish","type":"post","link":"https:\/\/mozaikzivota.com\/index.php\/2025\/03\/26\/mnogi-su-vec-vratili-ljetne-gume-na-svoje-automobile-meteorolozi-najavili-snijeg-u-bosni\/","title":{"rendered":"Mnogi su ve\u0107 vratili ljetne gume na svoje automobile. Meteorolozi najavili snijeg u Bosni"},"content":{"rendered":"\n<p>Danas se u Bosni i Hercegovini o\u010dekuje prete\u017eno obla\u010dno vrijeme sa ki\u0161om i pljuskovima, dok \u0107e na vi\u0161im planinama padati snijeg. Ve\u0107e koli\u010dine padavina predvi\u0111aju se u centralnim i isto\u010dnim dijelovima Bosne, a padavine \u0107e biti intenzivnije na sjeveru i zapadu Hercegovine. Vjetar \u0107e biti slab, a temperature \u0107e se kretati od 4 do 10 stepeni ujutro, dok \u0107e dnevne temperature biti od 8 do 14 stepeni, a na jugu i sjeveru lokalno do 16 stepeni.<\/p>\n\n\n\n<p>Sli\u010dne vremenske prilike o\u010dekuju se i sutra i u petak. Bit \u0107e obla\u010dno, uz ki\u0161u i pljuskove, a na vrhovima planina snijeg. U Bosni \u0107e padavine biti obilnije, a o\u010dekivana koli\u010dina ki\u0161e bit \u0107e izme\u0111u 30 i 90 litara po metru kvadratnom. Jutarnja temperatura bit \u0107e od 6 do 12 stepeni, a dnevna od 8 do 16 stepeni, ovisno o regiji. Vjetar \u0107e biti slab do umjeren, sjevernog i sjeveroisto\u010dnog smjera.<\/p>\n\n\n\n<p>Ova vremenska prognoza donosi promjenu u odnosu na protekle dane, sa zna\u010dajnim padavinama i ni\u017eim temperaturama koje \u0107e biti prisutne u narednim danima, osobito u planinskim podru\u010djima gdje \u0107e snijeg stvoriti zimske uvjete.<\/p>\n","protected":false},"excerpt":{"rendered":"<p>Danas se u Bosni i Hercegovini o\u010dekuje prete\u017eno obla\u010dno vrijeme sa ki\u0161om i pljuskovima, dok \u0107e na vi\u0161im planinama padati snijeg. Ve\u0107e koli\u010dine padavina predvi\u0111aju se u centralnim i isto\u010dnim dijelovima Bosne, a padavine \u0107e biti intenzivnije na sjeveru i zapadu Hercegovine. Vjetar \u0107e biti slab, a temperature \u0107e se kretati od 4 do 10 [&hellip;]<\/p>\n","protected":false},"author":1,"featured_media":431,"comment_status":"open","ping_status":"open","sticky":false,"template":"","format":"standard","meta":{"iawp_total_views":167,"_jetpack_memberships_contains_paid_content":false,"footnotes":""},"categories":[10],"tags":[],"class_list":["post-430","post","type-post","status-publish","format-standard","has-post-thumbnail","hentry","category-vijesti"],"jetpack_featured_media_url":"https:\/\/mozaikzivota.com\/wp-content\/uploads\/2025\/03\/file-Tikdg8uXDjZWpX1rHJVxZC.webp","jetpack_sharing_enabled":true,"_links":{"self":[{"href":"https:\/\/mozaikzivota.com\/index.php\/wp-json\/wp\/v2\/posts\/430","targetHints":{"allow":["GET"]}}],"collection":[{"href":"https:\/\/mozaikzivota.com\/index.php\/wp-json\/wp\/v2\/posts"}],"about":[{"href":"https:\/\/mozaikzivota.com\/index.php\/wp-json\/wp\/v2\/types\/post"}],"author":[{"embeddable":true,"href":"https:\/\/mozaikzivota.com\/index.php\/wp-json\/wp\/v2\/users\/1"}],"replies":[{"embeddable":true,"href":"https:\/\/mozaikzivota.com\/index.php\/wp-json\/wp\/v2\/comments?post=430"}],"version-history":[{"count":1,"href":"https:\/\/mozaikzivota.com\/index.php\/wp-json\/wp\/v2\/posts\/430\/revisions"}],"predecessor-version":[{"id":432,"href":"https:\/\/mozaikzivota.com\/index.php\/wp-json\/wp\/v2\/posts\/430\/revisions\/432"}],"wp:featuredmedia":[{"embeddable":true,"href":"https:\/\/mozaikzivota.com\/index.php\/wp-json\/wp\/v2\/media\/431"}],"wp:attachment":[{"href":"https:\/\/mozaikzivota.com\/index.php\/wp-json\/wp\/v2\/media?parent=430"}],"wp:term":[{"taxonomy":"category","embeddable":true,"href":"https:\/\/mozaikzivota.com\/index.php\/wp-json\/wp\/v2\/categories?post=430"},{"taxonomy":"post_tag","embeddable":true,"href":"https:\/\/mozaikzivota.com\/index.php\/wp-json\/wp\/v2\/tags?post=430"}],"curies":[{"name":"wp","href":"https:\/\/api.w.org\/{rel}","templated":true}]}}