{"id":1192,"date":"2025-09-21T04:09:43","date_gmt":"2025-09-21T04:09:43","guid":{"rendered":"https:\/\/mozaikzivota.com\/index.php\/2025\/09\/21\/vaser-u-puracicu-2025-tri-dana-tradicije-zabave-i-prvi-sajam-poljoprivrede\/"},"modified":"2025-09-21T04:09:43","modified_gmt":"2025-09-21T04:09:43","slug":"vaser-u-puracicu-2025-tri-dana-tradicije-zabave-i-prvi-sajam-poljoprivrede","status":"publish","type":"post","link":"https:\/\/mozaikzivota.com\/index.php\/2025\/09\/21\/vaser-u-puracicu-2025-tri-dana-tradicije-zabave-i-prvi-sajam-poljoprivrede\/","title":{"rendered":"Vaser u Pura\u010di\u0107u 2025. \u2013 Tri dana tradicije, zabave i Prvi sajam poljoprivrede"},"content":{"rendered":"\n<p><br><br>12., 13. i 14. oktobar 2025.<br><br>Pura\u010di\u0107 se i ove jeseni sprema da postane sredi\u0161te dobrog dru\u017eenja, trgovine i kulturnog \u017eivota. Najpoznatiji va\u0161ar u Bosni i Hercegovini \u2013 Pura\u010di\u0107ki va\u0161er \u2013 odr\u017eava se od 12. do 14. oktobra 2025. godine, a organizatori najavljuju da \u0107e ovogodi\u0161nja manifestacija biti bogatija nego ikad do sada.<br><br>Tradicija koja traje vi\u0161e od stolje\u0107a<br><br>Pura\u010di\u0107ki va\u0161er ima dugu i ponosnu tradiciju, staru vi\u0161e od 120 godina. Generacije posjetilaca dolaze svake jeseni u ovo tuzlansko naselje da bi u\u017eivale u sajamskoj atmosferi, kupovale raznovrsnu robu i dru\u017eile se sa prijateljima i porodicom. I ove godine o\u010dekuju se hiljade gostiju iz svih krajeva Bosne i Hercegovine, ali i susjednih zemalja.<br><br>Raznovrsna ponuda za sve generacije<br><br>Posjetioce o\u010dekuje prava riznica proizvoda: od tradicionalnih rukotvorina, doma\u0107ih poljoprivrednih proizvoda i suvenira, do tekstila, obu\u0107e, tehni\u010dke robe i unikatnih predmeta koje je mogu\u0107e prona\u0107i samo na va\u0161aru. Brojni \u0161tandovi s hranom donose mirise ro\u0161tilja, bosanskih jela, slatkih kola\u010da i toplih napitaka, stvaraju\u0107i ugo\u0111aj koji se pamti.<br><br>Novitet 2025: Prvi sajam poljoprivrede<br><br>Posebno iznena\u0111enje ove godine je Prvi sajam poljoprivrede, koji \u0107e biti odr\u017ean paralelno s va\u0161arom, tokom sva tri dana manifestacije. Na sajmu \u0107e u\u010destvovati doma\u0107i proizvo\u0111a\u010di, poljoprivredne zadruge, porodi\u010dna gazdinstva i firme iz agroindustrije.<br><br>Posjetioci \u0107e mo\u0107i da degustiraju i kupe svje\u017ee, doma\u0107e proizvode \u2013 od vo\u0107a i povr\u0107a, do sireva, meda i prirodnih sokova.<br><br>Bi\u0107e organizovana stru\u010dna predavanja i razmjena iskustava o savremenim metodama uzgoja i prerade.<br><br>Poljoprivrednici \u0107e imati priliku da se pove\u017eu s potencijalnim partnerima i unaprijede svoje poslovanje.<br><br><br>Program koji spaja zabavu i kulturu<br><br>Pored sajamske ponude, Pura\u010di\u0107 \u0107e biti ispunjen i bogatim zabavnim programom. Planirani su nastupi poznatih muzi\u010dkih izvo\u0111a\u010da, kulturno-umjetni\u010dkih dru\u0161tava, uli\u010dnih svira\u010da i brojnih zabavlja\u010da za djecu i odrasle. U ve\u010dernjim satima atmosfera se pretvara u pravu fe\u0161tu uz muziku, ples i dru\u017eenje.<br><br>Poziv posjetiocima<br><br>Organizatori poru\u010duju da je sve spremno da i ovogodi\u0161nji Pura\u010di\u0107ki va\u0161er nadma\u0161i o\u010dekivanja. Bilo da dolazite da kupujete, da probate doma\u0107e specijalitete ili jednostavno da u\u017eivate u \u0161arenilu i veselju, tri dana u Pura\u010di\u0107u bi\u0107e nezaboravno iskustvo.<br><br>Rezervi\u0161ite svoje vrijeme za 12., 13. i 14. oktobar 2025. i do\u017eivite spoj tradicije, dobre hrane, zabave i prvog poljoprivrednog sajma.<br>Pura\u010di\u0107 vas \u010deka \u2013 dobrodo\u0161li na najveseliji va\u0161ar u regiji!<\/p>\n\n\n\n<figure class=\"wp-block-image size-large\"><img loading=\"lazy\" decoding=\"async\" width=\"1024\" height=\"684\" src=\"https:\/\/mozaikzivota.com\/wp-content\/uploads\/2025\/09\/vasar15146072787945096029-1024x684.jpg\" alt=\"\" class=\"wp-image-1189\" srcset=\"https:\/\/mozaikzivota.com\/wp-content\/uploads\/2025\/09\/vasar15146072787945096029-1024x684.jpg 1024w, https:\/\/mozaikzivota.com\/wp-content\/uploads\/2025\/09\/vasar15146072787945096029-300x200.jpg 300w, https:\/\/mozaikzivota.com\/wp-content\/uploads\/2025\/09\/vasar15146072787945096029-768x513.jpg 768w, https:\/\/mozaikzivota.com\/wp-content\/uploads\/2025\/09\/vasar15146072787945096029.jpg 1200w\" sizes=\"auto, (max-width: 1024px) 100vw, 1024px\" \/><\/figure>\n","protected":false},"excerpt":{"rendered":"<p>12., 13. i 14. oktobar 2025. Pura\u010di\u0107 se i ove jeseni sprema da postane sredi\u0161te dobrog dru\u017eenja, trgovine i kulturnog \u017eivota. Najpoznatiji va\u0161ar u Bosni i Hercegovini \u2013 Pura\u010di\u0107ki va\u0161er \u2013 odr\u017eava se od 12. do 14. oktobra 2025. godine, a organizatori najavljuju da \u0107e ovogodi\u0161nja manifestacija biti bogatija nego ikad do sada. Tradicija koja [&hellip;]<\/p>\n","protected":false},"author":1,"featured_media":1190,"comment_status":"open","ping_status":"open","sticky":false,"template":"","format":"standard","meta":{"iawp_total_views":1544,"_jetpack_memberships_contains_paid_content":false,"footnotes":""},"categories":[14],"tags":[],"class_list":["post-1192","post","type-post","status-publish","format-standard","has-post-thumbnail","hentry","category-zanimljivosti"],"jetpack_featured_media_url":"https:\/\/mozaikzivota.com\/wp-content\/uploads\/2025\/09\/vasar1.jpg","jetpack_sharing_enabled":true,"_links":{"self":[{"href":"https:\/\/mozaikzivota.com\/index.php\/wp-json\/wp\/v2\/posts\/1192","targetHints":{"allow":["GET"]}}],"collection":[{"href":"https:\/\/mozaikzivota.com\/index.php\/wp-json\/wp\/v2\/posts"}],"about":[{"href":"https:\/\/mozaikzivota.com\/index.php\/wp-json\/wp\/v2\/types\/post"}],"author":[{"embeddable":true,"href":"https:\/\/mozaikzivota.com\/index.php\/wp-json\/wp\/v2\/users\/1"}],"replies":[{"embeddable":true,"href":"https:\/\/mozaikzivota.com\/index.php\/wp-json\/wp\/v2\/comments?post=1192"}],"version-history":[{"count":0,"href":"https:\/\/mozaikzivota.com\/index.php\/wp-json\/wp\/v2\/posts\/1192\/revisions"}],"wp:featuredmedia":[{"embeddable":true,"href":"https:\/\/mozaikzivota.com\/index.php\/wp-json\/wp\/v2\/media\/1190"}],"wp:attachment":[{"href":"https:\/\/mozaikzivota.com\/index.php\/wp-json\/wp\/v2\/media?parent=1192"}],"wp:term":[{"taxonomy":"category","embeddable":true,"href":"https:\/\/mozaikzivota.com\/index.php\/wp-json\/wp\/v2\/categories?post=1192"},{"taxonomy":"post_tag","embeddable":true,"href":"https:\/\/mozaikzivota.com\/index.php\/wp-json\/wp\/v2\/tags?post=1192"}],"curies":[{"name":"wp","href":"https:\/\/api.w.org\/{rel}","templated":true}]}}