{"id":1144,"date":"2025-09-09T20:39:55","date_gmt":"2025-09-09T20:39:55","guid":{"rendered":"https:\/\/mozaikzivota.com\/index.php\/2025\/09\/09\/erdogan-ostro-osudio-izraelski-napad-na-katar-banditizam-bez-presedana\/"},"modified":"2025-09-09T20:39:55","modified_gmt":"2025-09-09T20:39:55","slug":"erdogan-ostro-osudio-izraelski-napad-na-katar-banditizam-bez-presedana","status":"publish","type":"post","link":"https:\/\/mozaikzivota.com\/index.php\/2025\/09\/09\/erdogan-ostro-osudio-izraelski-napad-na-katar-banditizam-bez-presedana\/","title":{"rendered":"Erdogan o\u0161tro osudio izraelski napad na Katar: \u201cBanditizam bez presedana\u201d"},"content":{"rendered":"\n<p><br><br>Turski predsjednik Recep Tayyip Erdo\u011fan danas je uputio sna\u017enu osudu izraelskog zra\u010dnog napada na Dohu, glavni grad Katara, ocijeniv\u0161i ga \u201co\u010ditim napadom na me\u0111unarodno pravo i suverenitet jedne dr\u017eave\u201d. Napad, koji je prema dostupnim informacijama ciljao delegaciju Hamasa u trenutku kada su u\u010destvovali u pregovorima o prekidu vatre, izazvao je buru reakcija \u0161irom svijeta.<br><br>\u201cSolidarnost s bratskim Katarom\u201d<br><br>Erdo\u011fan je istakao da Turska u potpunosti stoji uz Katar, koji je nazvao \u201cbratskom nacijom\u201d, te poru\u010dio da Ankara ne\u0107e \u0161utjeti na agresivne poteze koji prijete stabilnosti u regiji. U telefonskom razgovoru s emirom Tamimom bin Hamadom Al Thanijem, turski predsjednik je obe\u0107ao da \u0107e Turska pru\u017eiti svu potrebnu podr\u0161ku Kataru, naglasiv\u0161i da su ovakvi udari usmjereni ne samo protiv Katara, ve\u0107 i protiv mira u cijelom Bliskom istoku.<br><br>Kritika izraelske politike<br><br>Osvr\u0107u\u0107i se na poteze izraelske vlade, Erdo\u011fan je poru\u010dio da je Izrael \u201cpretvorio terorizam u dr\u017eavnu politiku\u201d te da potezi poput napada u Dohi jasno pokazuju da izraelske vlasti nemaju iskrenu namjeru da okon\u010daju rat. \u201cOvo nije ni\u0161ta drugo do banditizam\u201d, rekao je Erdo\u011fan, dodaju\u0107i da takav pristup ne mo\u017ee donijeti sigurnost Izraelu, ve\u0107 samo dublju izolaciju i sukobe.<br><br>Udari na mirovne napore<br><br>Napad u Dohi dolazi u trenutku kada me\u0111unarodni posrednici poku\u0161avaju do\u0107i do dogovora o prekidu vatre u Gazi. Stru\u010dnjaci upozoravaju da \u0107e ovakav razvoj doga\u0111aja dodatno ote\u017eati diplomatske napore i smanjiti povjerenje izme\u0111u strana u pregovorima.<br><br>Turska je ve\u0107 du\u017ee vrijeme aktivno uklju\u010dena u pregovore o prekidu sukoba, \u010desto posreduju\u0107i zajedno s Katarom. Iz tog razloga, napad u srcu Dohe za Ankaru nije samo sigurnosno pitanje, nego i direktan udar na procese u koje i sama ula\u017ee politi\u010dki kapital.<br><br>\u0160ire reakcije<br><br>I dok Katar osu\u0111uje \u201cflagrantno kr\u0161enje svog suvereniteta\u201d, a Hamas tvrdi da su njihovi lideri pre\u017eivjeli napad, me\u0111unarodna zajednica pa\u017eljivo prati de\u0161avanja. U Turskoj, me\u0111utim, nema dileme: Ankara se jasno pozicionirala na stranu Katara i palestinskog naroda, a Erdo\u011fan je jo\u0161 jednom potvrdio da \u0107e \u201cbez obzira na tro\u0161kove nastaviti borbu za mir, me\u0111unarodno pravo i slobodu Palestine\u201d.<\/p>\n\n\n\n<p><\/p>\n\n\n\n<figure class=\"wp-block-image size-large\"><img loading=\"lazy\" decoding=\"async\" width=\"999\" height=\"562\" src=\"https:\/\/mozaikzivota.com\/wp-content\/uploads\/2025\/09\/e2dcba80-373b-11f0-8947-7d6241f9fce98446398714726061017.jpg\" alt=\"\" class=\"wp-image-1142\" srcset=\"https:\/\/mozaikzivota.com\/wp-content\/uploads\/2025\/09\/e2dcba80-373b-11f0-8947-7d6241f9fce98446398714726061017.jpg 999w, https:\/\/mozaikzivota.com\/wp-content\/uploads\/2025\/09\/e2dcba80-373b-11f0-8947-7d6241f9fce98446398714726061017-300x169.jpg 300w, https:\/\/mozaikzivota.com\/wp-content\/uploads\/2025\/09\/e2dcba80-373b-11f0-8947-7d6241f9fce98446398714726061017-768x432.jpg 768w\" sizes=\"auto, (max-width: 999px) 100vw, 999px\" \/><\/figure>\n","protected":false},"excerpt":{"rendered":"<p>Turski predsjednik Recep Tayyip Erdo\u011fan danas je uputio sna\u017enu osudu izraelskog zra\u010dnog napada na Dohu, glavni grad Katara, ocijeniv\u0161i ga \u201co\u010ditim napadom na me\u0111unarodno pravo i suverenitet jedne dr\u017eave\u201d. Napad, koji je prema dostupnim informacijama ciljao delegaciju Hamasa u trenutku kada su u\u010destvovali u pregovorima o prekidu vatre, izazvao je buru reakcija \u0161irom svijeta. \u201cSolidarnost [&hellip;]<\/p>\n","protected":false},"author":1,"featured_media":1143,"comment_status":"open","ping_status":"open","sticky":false,"template":"","format":"standard","meta":{"iawp_total_views":101,"_jetpack_memberships_contains_paid_content":false,"footnotes":""},"categories":[14],"tags":[],"class_list":["post-1144","post","type-post","status-publish","format-standard","has-post-thumbnail","hentry","category-zanimljivosti"],"jetpack_featured_media_url":"https:\/\/mozaikzivota.com\/wp-content\/uploads\/2025\/09\/e2dcba80-373b-11f0-8947-7d6241f9fce9.jpg","jetpack_sharing_enabled":true,"_links":{"self":[{"href":"https:\/\/mozaikzivota.com\/index.php\/wp-json\/wp\/v2\/posts\/1144","targetHints":{"allow":["GET"]}}],"collection":[{"href":"https:\/\/mozaikzivota.com\/index.php\/wp-json\/wp\/v2\/posts"}],"about":[{"href":"https:\/\/mozaikzivota.com\/index.php\/wp-json\/wp\/v2\/types\/post"}],"author":[{"embeddable":true,"href":"https:\/\/mozaikzivota.com\/index.php\/wp-json\/wp\/v2\/users\/1"}],"replies":[{"embeddable":true,"href":"https:\/\/mozaikzivota.com\/index.php\/wp-json\/wp\/v2\/comments?post=1144"}],"version-history":[{"count":0,"href":"https:\/\/mozaikzivota.com\/index.php\/wp-json\/wp\/v2\/posts\/1144\/revisions"}],"wp:featuredmedia":[{"embeddable":true,"href":"https:\/\/mozaikzivota.com\/index.php\/wp-json\/wp\/v2\/media\/1143"}],"wp:attachment":[{"href":"https:\/\/mozaikzivota.com\/index.php\/wp-json\/wp\/v2\/media?parent=1144"}],"wp:term":[{"taxonomy":"category","embeddable":true,"href":"https:\/\/mozaikzivota.com\/index.php\/wp-json\/wp\/v2\/categories?post=1144"},{"taxonomy":"post_tag","embeddable":true,"href":"https:\/\/mozaikzivota.com\/index.php\/wp-json\/wp\/v2\/tags?post=1144"}],"curies":[{"name":"wp","href":"https:\/\/api.w.org\/{rel}","templated":true}]}}