{"id":1132,"date":"2025-09-01T19:53:12","date_gmt":"2025-09-01T19:53:12","guid":{"rendered":"https:\/\/mozaikzivota.com\/index.php\/2025\/09\/01\/skandal-u-obrazovanju-djeci-se-u-rs-predaju-stranice-na-kojima-se-velicaju-ratni-zlocinci\/"},"modified":"2025-09-01T19:53:12","modified_gmt":"2025-09-01T19:53:12","slug":"skandal-u-obrazovanju-djeci-se-u-rs-predaju-stranice-na-kojima-se-velicaju-ratni-zlocinci","status":"publish","type":"post","link":"https:\/\/mozaikzivota.com\/index.php\/2025\/09\/01\/skandal-u-obrazovanju-djeci-se-u-rs-predaju-stranice-na-kojima-se-velicaju-ratni-zlocinci\/","title":{"rendered":"Skandal u obrazovanju: Djeci se u RS predaju stranice na kojima se veli\u010daju ratni zlo\u010dinci"},"content":{"rendered":"\n<p><\/p>\n\n\n\n<p>\u201cNeustavni\u201d dio istorije u RS: Ud\u017ebenik ostaje u upotrebi i ove \u0161kolske godine<br><br>Iako je Ustavni sud Bosne i Hercegovine donio privremenu zabranu spornog dijela nastavnog plana iz predmeta Historija za IX razred u Republici Srpskoj, taj je sadr\u017eaj \u2013 ni mjesecima kasnije \u2013 i dalje prisutan u \u0161kolskim klupama.<br><br>Koji je sadr\u017eaj obuhva\u0107en odlukom?<br><br>Sud je privremeno suspendovao provedbu odredbi vezanih za Temu 11: Republika Srpska i Odbrambeno-otad\u017ebinski rat \u2013 sadr\u017eaje koje je pravio Zavod za ud\u017ebenike i nastavna sredstva iz Isto\u010dnog Sarajeva. Sporne su bile stranice (185\u2013192) koje tematiziraju nastanak RS-a, ulogu Vojske RS, stradanje srpskog naroda i kulturno pam\u0107enje bez uva\u017eavanja drugih naroda i perspektiva .<br><br>Za\u0161to je problemati\u010dno?<br><br>Prema obrazlo\u017eenju Ustavnog suda, ovaj ud\u017ebenik kr\u0161i ustavna na\u010dela pa \u010dak i pravo na obrazovanje:<br><br>Ignori\u0161e perspektive drugih konstitutivnih naroda, \u0161to kr\u0161i principe multiperspektivnosti i tolerancije u multietni\u010dkom dru\u0161tvu .<br><br>Zanemaruje presude o ratnim zlo\u010dinima \u2013 ne pominju se Srebrenica, Radovan Karad\u017ei\u0107 niti Ratko Mladi\u0107 u tom kontekstu \u2013 \u0161to umanjuje zna\u010daj tih doga\u0111aja i ometa pomirenje .<br><br>U\u010dvr\u0161\u0107uje narativite koji mogu podsta\u0107i segregaciju i osje\u0107aj isklju\u010denosti me\u0111u u\u010denicima drugih nacionalnosti .<br><br><br>Da nije samo formalnost: zabrana, ali prakti\u010dni problemi<br><br>Sud je zaklju\u010dio da \u0107e primjena spornog programa nepovratno na\u0161koditi ljudskim pravima u\u010denika, stoga je privremena zabrana stupila na snagu odmah i ostaje dok traje sudski postupak .<br><br>Unato\u010d tome, nastavna godina u RS je ve\u0107 zapo\u010dela, a taj ud\u017ebenik koristi se i dalje. Sukladno tome, privremena mjera, zasad, ostaje bez efekta u praksi .<br><br>\u0160ta sad?<br><br>Za implementaciju zabrane, Ustavni sud je obavezao Ministarstvo obrazovanja i kulture RS te direktora Pedago\u0161kog zavoda da uklone sporne dijelove. No, dok se \u010deka kona\u010dna odluka, u\u010denici i dalje dobivaju sadr\u017eaje koje je Sud ozna\u010dio &#8220;neustavnim&#8221;.<\/p>\n\n\n\n<figure class=\"wp-block-image size-large\"><img loading=\"lazy\" decoding=\"async\" width=\"1024\" height=\"577\" src=\"https:\/\/mozaikzivota.com\/wp-content\/uploads\/2025\/09\/screenshot_20250901_215059_facebook2822361643968276383-1024x577.jpg\" alt=\"\" class=\"wp-image-1131\" srcset=\"https:\/\/mozaikzivota.com\/wp-content\/uploads\/2025\/09\/screenshot_20250901_215059_facebook2822361643968276383-1024x577.jpg 1024w, https:\/\/mozaikzivota.com\/wp-content\/uploads\/2025\/09\/screenshot_20250901_215059_facebook2822361643968276383-300x169.jpg 300w, https:\/\/mozaikzivota.com\/wp-content\/uploads\/2025\/09\/screenshot_20250901_215059_facebook2822361643968276383-768x433.jpg 768w, https:\/\/mozaikzivota.com\/wp-content\/uploads\/2025\/09\/screenshot_20250901_215059_facebook2822361643968276383.jpg 1079w\" sizes=\"auto, (max-width: 1024px) 100vw, 1024px\" \/><\/figure>\n","protected":false},"excerpt":{"rendered":"<p>\u201cNeustavni\u201d dio istorije u RS: Ud\u017ebenik ostaje u upotrebi i ove \u0161kolske godine Iako je Ustavni sud Bosne i Hercegovine donio privremenu zabranu spornog dijela nastavnog plana iz predmeta Historija za IX razred u Republici Srpskoj, taj je sadr\u017eaj \u2013 ni mjesecima kasnije \u2013 i dalje prisutan u \u0161kolskim klupama. Koji je sadr\u017eaj obuhva\u0107en odlukom? [&hellip;]<\/p>\n","protected":false},"author":1,"featured_media":1130,"comment_status":"open","ping_status":"open","sticky":false,"template":"","format":"standard","meta":{"iawp_total_views":72,"_jetpack_memberships_contains_paid_content":false,"footnotes":""},"categories":[14],"tags":[],"class_list":["post-1132","post","type-post","status-publish","format-standard","has-post-thumbnail","hentry","category-zanimljivosti"],"jetpack_featured_media_url":"https:\/\/mozaikzivota.com\/wp-content\/uploads\/2025\/09\/Screenshot_20250901_215059_Facebook.jpg","jetpack_sharing_enabled":true,"_links":{"self":[{"href":"https:\/\/mozaikzivota.com\/index.php\/wp-json\/wp\/v2\/posts\/1132","targetHints":{"allow":["GET"]}}],"collection":[{"href":"https:\/\/mozaikzivota.com\/index.php\/wp-json\/wp\/v2\/posts"}],"about":[{"href":"https:\/\/mozaikzivota.com\/index.php\/wp-json\/wp\/v2\/types\/post"}],"author":[{"embeddable":true,"href":"https:\/\/mozaikzivota.com\/index.php\/wp-json\/wp\/v2\/users\/1"}],"replies":[{"embeddable":true,"href":"https:\/\/mozaikzivota.com\/index.php\/wp-json\/wp\/v2\/comments?post=1132"}],"version-history":[{"count":0,"href":"https:\/\/mozaikzivota.com\/index.php\/wp-json\/wp\/v2\/posts\/1132\/revisions"}],"wp:featuredmedia":[{"embeddable":true,"href":"https:\/\/mozaikzivota.com\/index.php\/wp-json\/wp\/v2\/media\/1130"}],"wp:attachment":[{"href":"https:\/\/mozaikzivota.com\/index.php\/wp-json\/wp\/v2\/media?parent=1132"}],"wp:term":[{"taxonomy":"category","embeddable":true,"href":"https:\/\/mozaikzivota.com\/index.php\/wp-json\/wp\/v2\/categories?post=1132"},{"taxonomy":"post_tag","embeddable":true,"href":"https:\/\/mozaikzivota.com\/index.php\/wp-json\/wp\/v2\/tags?post=1132"}],"curies":[{"name":"wp","href":"https:\/\/api.w.org\/{rel}","templated":true}]}}